{"id":49972,"date":"2023-09-08T09:37:51","date_gmt":"2023-09-08T09:37:51","guid":{"rendered":"https:\/\/beck-pollitzer.com\/automatizalt-raktarozasi-es-keresesi-rendszer-telepitese-ohioban-usa\/"},"modified":"2023-09-08T09:37:51","modified_gmt":"2023-09-08T09:37:51","slug":"automatizalt-raktarozasi-es-keresesi-rendszer-telepitese-ohioban-usa","status":"publish","type":"post","link":"https:\/\/beck-pollitzer.com\/hu\/automatizalt-raktarozasi-es-keresesi-rendszer-telepitese-ohioban-usa\/","title":{"rendered":"Automatiz\u00e1lt rakt\u00e1roz\u00e1si \u00e9s keres\u00e9si rendszer telep\u00edt\u00e9se Ohioban, USA"},"content":{"rendered":"<p>A Beck &amp; Pollitzer egy automatiz\u00e1lt rakt\u00e1roz\u00e1si \u00e9s keres\u00e9si rendszer (AS\/RS) telep\u00edt\u00e9s\u00e9re ir\u00e1nyul\u00f3 projektet v\u00e1llalt az Egyes\u00fclt \u00c1llamokban, Ohi\u00f3ban, az FMCG-ipar egyik \u00f3ri\u00e1sc\u00e9ge sz\u00e1m\u00e1ra. A projekt munkater\u00fclete 19 folyos\u00f3s daru \u00e9s a hozz\u00e1 tartoz\u00f3 raklapsz\u00e1ll\u00edt\u00f3 sz\u00e1ll\u00edt\u00f3szalagok telep\u00edt\u00e9s\u00e9t foglalta mag\u00e1ban &#8211; k\u00fcl\u00f6nb\u00f6z\u0151 emel\u0151eszk\u00f6z\u00f6k, p\u00e9ld\u00e1ul targonc\u00e1k, emel\u0151liftek \u00e9s emel\u0151daruk haszn\u00e1lat\u00e1val.<br \/>\nA <a href=\"https:\/\/beck-pollitzer.com\/hu\/iparagak\/raktar-automatizalas\/\" rel=\"\">automatiz\u00e1l\u00e1s<\/a> projekt 2021 j\u00falius\u00e1ban kezd\u0151d\u00f6tt a daru telep\u00edt\u00e9s\u00e9vel &#8211; ez a szakasz z\u00f6kken\u0151mentesen zajlott, \u00e9s j\u00f3val a hat\u00e1rid\u0151 el\u0151tt befejez\u0151d\u00f6tt. A biztons\u00e1g volt az els\u0151dleges szempont, \u00e9s a gondos strat\u00e9giai tervez\u00e9snek k\u00f6sz\u00f6nhet\u0151en nulla biztons\u00e1gi incidens vagy baleset t\u00f6rt\u00e9nt.<br \/>\nA sz\u00e1ll\u00edt\u00f3szalagok telep\u00edt\u00e9s\u00e9nek szakasz\u00e1ban azonban el\u0151re nem l\u00e1that\u00f3 probl\u00e9m\u00e1k mer\u00fcltek fel, amelyeket a Beck &amp; Pollitzer csapata mindent megtett, hogy enyh\u00edtsen. Mivel a projekt nagy r\u00e9sze szabadt\u00e9ri munk\u00e1t ig\u00e9nyelt, a 2021\/22-es t\u00e9l folyam\u00e1n a h\u00f3, az es\u0151 \u00e9s a hideg okozta probl\u00e9m\u00e1k elker\u00fclhetetlen k\u00e9sedelmeket okoztak. Ahogyan a v\u00e1llalkoz\u00f3i probl\u00e9m\u00e1k \u00e9s az anyagell\u00e1t\u00e1sban bek\u00f6vetkezett fennakad\u00e1sok is, amelyek mind jelent\u0151s \u00fctemez\u00e9si k\u00e9sedelemhez vezettek.<br \/>\nCsapatunk egy\u00fcttm\u0171k\u00f6dik az \u00fcgyf\u00e9llel a tov\u00e1bbi k\u00e9sedelmek elker\u00fcl\u00e9se \u00e9rdek\u00e9ben; \u00fcgyfel\u00fcnk tov\u00e1bbra is nagyon el\u00e9gedett a Beck &amp; Pollitzer projektben bet\u00f6lt\u00f6tt szerep\u00e9vel.<\/p>\n","protected":false},"excerpt":{"rendered":"<p>A Beck &amp; Pollitzer egy automatiz\u00e1lt rakt\u00e1roz\u00e1si \u00e9s keres\u00e9si rendszer (AS\/RS) telep\u00edt\u00e9s\u00e9re ir\u00e1nyul\u00f3 projektet v\u00e1llalt az Egyes\u00fclt \u00c1llamokban, Ohi\u00f3ban, az FMCG-ipar egyik \u00f3ri\u00e1sc\u00e9ge sz\u00e1m\u00e1ra. A projekt munkater\u00fclete 19 folyos\u00f3s daru \u00e9s a hozz\u00e1 tartoz\u00f3 raklapsz\u00e1ll\u00edt\u00f3 sz\u00e1ll\u00edt\u00f3szalagok telep\u00edt\u00e9s\u00e9t foglalta mag\u00e1ban &#8211; k\u00fcl\u00f6nb\u00f6z\u0151 emel\u0151eszk\u00f6z\u00f6k, p\u00e9ld\u00e1ul targonc\u00e1k, emel\u0151liftek \u00e9s emel\u0151daruk haszn\u00e1lat\u00e1val. A automatiz\u00e1l\u00e1s projekt 2021 j\u00falius\u00e1ban kezd\u0151d\u00f6tt a [&hellip;]<\/p>\n","protected":false},"author":46,"featured_media":39316,"comment_status":"closed","ping_status":"closed","sticky":false,"template":"","format":"standard","meta":{"wds_primary_category":0,"wds_primary_post_template_type":0,"wds_primary_content-section-header-image":0,"footnotes":""},"categories":[166],"tags":[331],"post_template_types":[61],"content_section_header_images":[],"class_list":["post-49972","post","type-post","status-publish","format-standard","has-post-thumbnail","hentry","category-company-news-hu","tag-raktar-automatizalas","post_template_type-basic-with-image"],"_links":{"self":[{"href":"https:\/\/beck-pollitzer.com\/hu\/wp-json\/wp\/v2\/posts\/49972","targetHints":{"allow":["GET"]}}],"collection":[{"href":"https:\/\/beck-pollitzer.com\/hu\/wp-json\/wp\/v2\/posts"}],"about":[{"href":"https:\/\/beck-pollitzer.com\/hu\/wp-json\/wp\/v2\/types\/post"}],"author":[{"embeddable":true,"href":"https:\/\/beck-pollitzer.com\/hu\/wp-json\/wp\/v2\/users\/46"}],"replies":[{"embeddable":true,"href":"https:\/\/beck-pollitzer.com\/hu\/wp-json\/wp\/v2\/comments?post=49972"}],"version-history":[{"count":0,"href":"https:\/\/beck-pollitzer.com\/hu\/wp-json\/wp\/v2\/posts\/49972\/revisions"}],"wp:featuredmedia":[{"embeddable":true,"href":"https:\/\/beck-pollitzer.com\/hu\/wp-json\/wp\/v2\/media\/39316"}],"wp:attachment":[{"href":"https:\/\/beck-pollitzer.com\/hu\/wp-json\/wp\/v2\/media?parent=49972"}],"wp:term":[{"taxonomy":"category","embeddable":true,"href":"https:\/\/beck-pollitzer.com\/hu\/wp-json\/wp\/v2\/categories?post=49972"},{"taxonomy":"post_tag","embeddable":true,"href":"https:\/\/beck-pollitzer.com\/hu\/wp-json\/wp\/v2\/tags?post=49972"},{"taxonomy":"post_template_type","embeddable":true,"href":"https:\/\/beck-pollitzer.com\/hu\/wp-json\/wp\/v2\/post_template_types?post=49972"},{"taxonomy":"content-section-header-image","embeddable":true,"href":"https:\/\/beck-pollitzer.com\/hu\/wp-json\/wp\/v2\/content_section_header_images?post=49972"}],"curies":[{"name":"wp","href":"https:\/\/api.w.org\/{rel}","templated":true}]}}