{"id":95184,"date":"2025-07-18T13:03:50","date_gmt":"2025-07-18T13:03:50","guid":{"rendered":"https:\/\/beck-pollitzer.com\/premisteni-linky-na-vyrobu-bloku-valcu-a-hlav-valcu-z-polska-do-brazilie\/"},"modified":"2025-07-18T13:03:50","modified_gmt":"2025-07-18T13:03:50","slug":"premisteni-linky-na-vyrobu-bloku-valcu-a-hlav-valcu-z-polska-do-brazilie","status":"publish","type":"post","link":"https:\/\/beck-pollitzer.com\/cs\/premisteni-linky-na-vyrobu-bloku-valcu-a-hlav-valcu-z-polska-do-brazilie\/","title":{"rendered":"P\u0159em\u00edst\u011bn\u00ed linky na v\u00fdrobu blok\u016f v\u00e1lc\u016f a hlav v\u00e1lc\u016f z Polska do Braz\u00edlie"},"content":{"rendered":"<p>N\u00e1\u0161 polsk\u00fd t\u00fdm op\u011bt prok\u00e1zal sv\u00e9 odborn\u00e9 znalosti v oblasti \u0159\u00edzen\u00ed slo\u017eit\u00fdch mezin\u00e1rodn\u00edch p\u0159em\u00edst\u011bn\u00ed, \u00fasp\u011b\u0161n\u011b p\u0159em\u00edstil linku na v\u00fdrobu blok\u016f v\u00e1lc\u016f a linku na v\u00fdrobu hlav v\u00e1lc\u016f pro v\u00fdznamn\u00e9ho klienta z automobilov\u00e9ho pr\u016fmyslu. Tento rozs\u00e1hl\u00fd projekt zahrnoval kompletn\u00ed p\u0159em\u00edst\u011bn\u00ed dvou kl\u00ed\u010dov\u00fdch v\u00fdrobn\u00edch linek z Polska do Braz\u00edlie, co\u017e vy\u017eadovalo pe\u010dliv\u00e9 pl\u00e1nov\u00e1n\u00ed, \u00fazkou koordinaci a p\u0159esnou realizaci, aby byly spln\u011bny provozn\u00ed term\u00edny klienta.<\/p>\n<p>Na\u0161e odpov\u011bdnost zahrnovala <strong>kompletn\u00ed demont\u00e1\u017e, specializovan\u00e9 balen\u00ed a mezin\u00e1rodn\u00ed p\u0159epravu<\/strong> obou v\u00fdrobn\u00edch linek. Ka\u017ed\u00e1 sou\u010d\u00e1st byla zabalena do speci\u00e1ln\u011b vyroben\u00fdch krabic ur\u010den\u00fdch pro n\u00e1mo\u0159n\u00ed p\u0159epravu, co\u017e zajistilo plnou ochranu b\u011bhem dlouh\u00e9 cesty. Krom\u011b toho n\u00e1\u0161 provozn\u00ed t\u00fdm dohl\u00ed\u017eel na instalaci v\u00fdrobn\u00edch linek na c\u00edlov\u00e9m m\u00edst\u011b v Braz\u00edlii, \u010d\u00edm\u017e zajistil kontinuitu a dodr\u017een\u00ed p\u016fvodn\u00edho v\u00fdrobn\u00edho nastaven\u00ed.<\/p>\n<p>B\u011bhem projektu jsme v\u011bnovali <strong>celkem 50 000 pracovn\u00edch hodin a vyslali 337 n\u00e1kladn\u00edch vozidel<\/strong>, aby p\u0159epravily ve\u0161ker\u00e9 vybaven\u00ed a materi\u00e1ly p\u0159es kontinenty. \u00dasp\u011b\u0161n\u00e9 dokon\u010den\u00ed tohoto \u00fakolu bylo v\u00fdsledkem p\u0159esn\u00e9 koordinace logistiky a operac\u00ed v\u00edce t\u00fdm\u016f v Polsku a Braz\u00edlii.<\/p>\n<p>Nejv\u00fdznamn\u011bj\u0161\u00ed v\u00fdzvou bylo spln\u011bn\u00ed <strong>p\u0159\u00edsn\u00fdch term\u00edn\u016f demont\u00e1\u017ee a p\u0159epravy<\/strong>, kter\u00e9 byly p\u0159\u00edmo spojeny s v\u00fdrobn\u00edm harmonogramem v brazilsk\u00e9m z\u00e1vod\u011b. Jak\u00e9koli zpo\u017ed\u011bn\u00ed v na\u0161ich operac\u00edch by m\u011blo p\u0159\u00edm\u00fd dopad na schopnost klienta obnovit v\u00fdrobu. D\u00edky podrobn\u00e9mu pl\u00e1nov\u00e1n\u00ed a bezprobl\u00e9mov\u00e9 <strong>spolupr\u00e1ci mezi na\u0161imi t\u00fdmy v Polsku, Braz\u00edlii a projektov\u00fdmi mana\u017eersk\u00fdmi jednotkami<\/strong> jsme byli schopni projekt dodat v\u010das a na nejvy\u0161\u0161\u00ed \u00farovni.<\/p>\n<p>Tento projekt posiluje pov\u011bst spole\u010dnosti Beck &amp; Pollitzer jako <strong>d\u016fv\u011bryhodn\u00e9ho glob\u00e1ln\u00edho partnera v oblasti pr\u016fmyslov\u00e9ho p\u0159em\u00edst\u011bn\u00ed<\/strong>, schopn\u00e9ho realizovat vysoce hodnotn\u00e9 a \u010dasov\u011b n\u00e1ro\u010dn\u00e9 projekty nap\u0159\u00ed\u010d kontinenty. Jsme hrd\u00ed na na\u0161e t\u00fdmy za jejich tvrdou pr\u00e1ci, p\u0159izp\u016fsobivost a z\u00e1vazek k dokonalosti b\u011bhem cel\u00e9ho p\u0159em\u00edst\u011bn\u00ed.<\/p>\n<p>A\u0165 u\u017e pl\u00e1nujete kompletn\u00ed p\u0159em\u00edst\u011bn\u00ed v\u00fdrobn\u00ed linky, slo\u017eit\u00e9 pr\u016fmyslov\u00e9 p\u0159em\u00edst\u011bn\u00ed nebo pot\u0159ebujete odbornou podporu p\u0159i mezin\u00e1rodn\u00ed instalaci, Beck &amp; Pollitzer je va\u0161\u00edm d\u016fv\u011bryhodn\u00fdm partnerem na ka\u017ed\u00e9m kroku. S prok\u00e1zan\u00fdmi v\u00fdsledky v oblasti p\u0159esn\u00e9 logistiky a p\u0159eshrani\u010dn\u00ed koordinace jsme p\u0159ipraveni pomoci v\u00e1m posunout va\u0161e operace vp\u0159ed. Spojte se s n\u00e1mi je\u0161t\u011b dnes.<\/p>\n","protected":false},"excerpt":{"rendered":"<p>N\u00e1\u0161 polsk\u00fd t\u00fdm op\u011bt prok\u00e1zal sv\u00e9 odborn\u00e9 znalosti v oblasti \u0159\u00edzen\u00ed slo\u017eit\u00fdch mezin\u00e1rodn\u00edch p\u0159em\u00edst\u011bn\u00ed, \u00fasp\u011b\u0161n\u011b p\u0159em\u00edstil linku na v\u00fdrobu blok\u016f v\u00e1lc\u016f a linku na v\u00fdrobu hlav v\u00e1lc\u016f pro v\u00fdznamn\u00e9ho klienta z automobilov\u00e9ho pr\u016fmyslu. Tento rozs\u00e1hl\u00fd projekt zahrnoval kompletn\u00ed p\u0159em\u00edst\u011bn\u00ed dvou kl\u00ed\u010dov\u00fdch v\u00fdrobn\u00edch linek z Polska do Braz\u00edlie, co\u017e vy\u017eadovalo pe\u010dliv\u00e9 pl\u00e1nov\u00e1n\u00ed, \u00fazkou koordinaci a p\u0159esnou [&hellip;]<\/p>\n","protected":false},"author":46,"featured_media":90828,"comment_status":"closed","ping_status":"closed","sticky":false,"template":"","format":"standard","meta":{"wds_primary_category":0,"wds_primary_post_template_type":0,"wds_primary_content-section-header-image":0,"footnotes":""},"categories":[157],"tags":[],"post_template_types":[61],"content_section_header_images":[],"class_list":["post-95184","post","type-post","status-publish","format-standard","has-post-thumbnail","hentry","category-posledni-zpravy","post_template_type-basic-with-image"],"_links":{"self":[{"href":"https:\/\/beck-pollitzer.com\/cs\/wp-json\/wp\/v2\/posts\/95184","targetHints":{"allow":["GET"]}}],"collection":[{"href":"https:\/\/beck-pollitzer.com\/cs\/wp-json\/wp\/v2\/posts"}],"about":[{"href":"https:\/\/beck-pollitzer.com\/cs\/wp-json\/wp\/v2\/types\/post"}],"author":[{"embeddable":true,"href":"https:\/\/beck-pollitzer.com\/cs\/wp-json\/wp\/v2\/users\/46"}],"replies":[{"embeddable":true,"href":"https:\/\/beck-pollitzer.com\/cs\/wp-json\/wp\/v2\/comments?post=95184"}],"version-history":[{"count":0,"href":"https:\/\/beck-pollitzer.com\/cs\/wp-json\/wp\/v2\/posts\/95184\/revisions"}],"wp:featuredmedia":[{"embeddable":true,"href":"https:\/\/beck-pollitzer.com\/cs\/wp-json\/wp\/v2\/media\/90828"}],"wp:attachment":[{"href":"https:\/\/beck-pollitzer.com\/cs\/wp-json\/wp\/v2\/media?parent=95184"}],"wp:term":[{"taxonomy":"category","embeddable":true,"href":"https:\/\/beck-pollitzer.com\/cs\/wp-json\/wp\/v2\/categories?post=95184"},{"taxonomy":"post_tag","embeddable":true,"href":"https:\/\/beck-pollitzer.com\/cs\/wp-json\/wp\/v2\/tags?post=95184"},{"taxonomy":"post_template_type","embeddable":true,"href":"https:\/\/beck-pollitzer.com\/cs\/wp-json\/wp\/v2\/post_template_types?post=95184"},{"taxonomy":"content-section-header-image","embeddable":true,"href":"https:\/\/beck-pollitzer.com\/cs\/wp-json\/wp\/v2\/content_section_header_images?post=95184"}],"curies":[{"name":"wp","href":"https:\/\/api.w.org\/{rel}","templated":true}]}}