{"id":87199,"date":"2025-03-14T13:27:01","date_gmt":"2025-03-14T13:27:01","guid":{"rendered":"https:\/\/beck-pollitzer.com\/mezinarodni-stehovani-stroju-premisteni-vyrobnich-linek-cerpadel\/"},"modified":"2025-03-14T13:27:01","modified_gmt":"2025-03-14T13:27:01","slug":"mezinarodni-stehovani-stroju-premisteni-vyrobnich-linek-cerpadel","status":"publish","type":"post","link":"https:\/\/beck-pollitzer.com\/cs\/mezinarodni-stehovani-stroju-premisteni-vyrobnich-linek-cerpadel\/","title":{"rendered":"Mezin\u00e1rodn\u00ed st\u011bhov\u00e1n\u00ed stroj\u016f &#8211; p\u0159em\u00edst\u011bn\u00ed v\u00fdrobn\u00edch linek \u010derpadel"},"content":{"rendered":"<p>V r\u00e1mci ned\u00e1vn\u00e9ho projektu v automobilov\u00e9m a pr\u016fmyslov\u00e9m odv\u011btv\u00ed byla \u00fasp\u011b\u0161n\u011b provedena v\u00fdznamn\u00e1 relokace, kter\u00e1 zahrnovala p\u0159esun dvou kritick\u00fdch v\u00fdrobn\u00edch linek vst\u0159ikovac\u00edch \u010derpadel. Tato slo\u017eit\u00e1 operace vy\u017eadovala p\u0159esun za\u0159\u00edzen\u00ed ze z\u00e1vodu v Mnichov\u011b v N\u011bmecku do v\u00fdrobn\u00edho z\u00e1vodu v \u010cesk\u00fdch Bud\u011bjovic\u00edch v \u010cesk\u00e9 republice.<\/p>\n<p>Rozsah prac\u00ed zahrnoval kompletn\u00ed demont\u00e1\u017e, zabalen\u00ed a p\u0159epravu v\u00fdrobn\u00edch linek a jejich n\u00e1slednou instalaci na nov\u00e9m m\u00edst\u011b. Projekt zahrnoval p\u0159epravu 30 n\u00e1kladn\u00edch vozidel, z nich\u017e ka\u017ed\u00e9 bylo nalo\u017eeno a vylo\u017eeno pomoc\u00ed 3tunov\u00fdch vysokozdvi\u017en\u00fdch voz\u00edk\u016f. St\u011bhovac\u00ed t\u00fdm \u010delil zna\u010dn\u00e9mu \u00fakolu zajistit p\u0159esn\u00e9 shodn\u00e9 zna\u010den\u00ed mechanick\u00fdch i elektrick\u00fdch sou\u010d\u00e1st\u00ed, co\u017e bylo kl\u00ed\u010dov\u00e9 pro \u00fasp\u011b\u0161nou zp\u011btnou mont\u00e1\u017e a funk\u010dnost v\u00fdrobn\u00edch linek na nov\u00e9m m\u00edst\u011b.<\/p>\n<p>Navzdory slo\u017eitosti \u00fakolu byl projekt dokon\u010den b\u011bhem 11 t\u00fddn\u016f, od \u010dervence do z\u00e1\u0159\u00ed 2023. Pe\u010dliv\u00e9 pl\u00e1nov\u00e1n\u00ed a koordinovan\u00e9 \u00fasil\u00ed cel\u00e9ho t\u00fdmu zajistilo, \u017ee p\u0159em\u00edst\u011bn\u00ed bylo provedeno bezpe\u010dn\u011b, v\u010das a v pln\u00e9m souladu s normami kvality.<\/p>\n<p>Spole\u010dnost Beck Pollitzer disponuje rozs\u00e1hl\u00fdmi zku\u0161enostmi a pe\u010dliv\u00fdm p\u0159\u00edstupem pot\u0159ebn\u00fdm pro bezprobl\u00e9mov\u00e9 p\u0159em\u00edst\u011bn\u00ed strojn\u00edho za\u0159\u00edzen\u00ed, stejn\u011b jako v p\u0159\u00edpad\u011b \u00fasp\u011b\u0161n\u00e9ho p\u0159esunu v\u00fdrobn\u00ed linky \u010derpadel z N\u011bmecka do \u010cesk\u00e9 republiky. Rozum\u00edme slo\u017eitosti mezin\u00e1rodn\u00edch pr\u016fmyslov\u00fdch p\u0159esun\u016f, od slo\u017eit\u00e9 demont\u00e1\u017ee a p\u0159esn\u00e9 zp\u011btn\u00e9 mont\u00e1\u017ee a\u017e po zaji\u0161t\u011bn\u00ed minim\u00e1ln\u00edho naru\u0161en\u00ed provozu. N\u00e1\u0161 t\u00fdm kvalifikovan\u00fdch odborn\u00edk\u016f vyu\u017e\u00edv\u00e1 nejmodern\u011bj\u0161\u00ed vybaven\u00ed a osv\u011bd\u010den\u00e9 strategie st\u011bhov\u00e1n\u00ed, aby zajistil bezpe\u010dn\u00fd, efektivn\u00ed a n\u00e1kladov\u011b efektivn\u00ed p\u0159esun va\u0161ich kritick\u00fdch stroj\u016f.<\/p>\n<p>Nedovolte, aby slo\u017eit\u00e9 st\u011bhov\u00e1n\u00ed stroj\u016f br\u00e1nilo va\u0161emu r\u016fstu. Obra\u0165te se na spole\u010dnost Beck Pollitzer a poznejte s\u00edlu bezprobl\u00e9mov\u00e9ho st\u011bhov\u00e1n\u00ed \u0159\u00edzen\u00e9ho odborn\u00edky.<\/p>\n","protected":false},"excerpt":{"rendered":"<p>V r\u00e1mci ned\u00e1vn\u00e9ho projektu v automobilov\u00e9m a pr\u016fmyslov\u00e9m odv\u011btv\u00ed byla \u00fasp\u011b\u0161n\u011b provedena v\u00fdznamn\u00e1 relokace, kter\u00e1 zahrnovala p\u0159esun dvou kritick\u00fdch v\u00fdrobn\u00edch linek vst\u0159ikovac\u00edch \u010derpadel. Tato slo\u017eit\u00e1 operace vy\u017eadovala p\u0159esun za\u0159\u00edzen\u00ed ze z\u00e1vodu v Mnichov\u011b v N\u011bmecku do v\u00fdrobn\u00edho z\u00e1vodu v \u010cesk\u00fdch Bud\u011bjovic\u00edch v \u010cesk\u00e9 republice. Rozsah prac\u00ed zahrnoval kompletn\u00ed demont\u00e1\u017e, zabalen\u00ed a p\u0159epravu v\u00fdrobn\u00edch linek a [&hellip;]<\/p>\n","protected":false},"author":46,"featured_media":58381,"comment_status":"closed","ping_status":"closed","sticky":false,"template":"","format":"standard","meta":{"wds_primary_category":0,"wds_primary_post_template_type":0,"wds_primary_content-section-header-image":0,"footnotes":""},"categories":[157],"tags":[],"post_template_types":[61],"content_section_header_images":[],"class_list":["post-87199","post","type-post","status-publish","format-standard","has-post-thumbnail","hentry","category-posledni-zpravy","post_template_type-basic-with-image"],"_links":{"self":[{"href":"https:\/\/beck-pollitzer.com\/cs\/wp-json\/wp\/v2\/posts\/87199","targetHints":{"allow":["GET"]}}],"collection":[{"href":"https:\/\/beck-pollitzer.com\/cs\/wp-json\/wp\/v2\/posts"}],"about":[{"href":"https:\/\/beck-pollitzer.com\/cs\/wp-json\/wp\/v2\/types\/post"}],"author":[{"embeddable":true,"href":"https:\/\/beck-pollitzer.com\/cs\/wp-json\/wp\/v2\/users\/46"}],"replies":[{"embeddable":true,"href":"https:\/\/beck-pollitzer.com\/cs\/wp-json\/wp\/v2\/comments?post=87199"}],"version-history":[{"count":0,"href":"https:\/\/beck-pollitzer.com\/cs\/wp-json\/wp\/v2\/posts\/87199\/revisions"}],"wp:featuredmedia":[{"embeddable":true,"href":"https:\/\/beck-pollitzer.com\/cs\/wp-json\/wp\/v2\/media\/58381"}],"wp:attachment":[{"href":"https:\/\/beck-pollitzer.com\/cs\/wp-json\/wp\/v2\/media?parent=87199"}],"wp:term":[{"taxonomy":"category","embeddable":true,"href":"https:\/\/beck-pollitzer.com\/cs\/wp-json\/wp\/v2\/categories?post=87199"},{"taxonomy":"post_tag","embeddable":true,"href":"https:\/\/beck-pollitzer.com\/cs\/wp-json\/wp\/v2\/tags?post=87199"},{"taxonomy":"post_template_type","embeddable":true,"href":"https:\/\/beck-pollitzer.com\/cs\/wp-json\/wp\/v2\/post_template_types?post=87199"},{"taxonomy":"content-section-header-image","embeddable":true,"href":"https:\/\/beck-pollitzer.com\/cs\/wp-json\/wp\/v2\/content_section_header_images?post=87199"}],"curies":[{"name":"wp","href":"https:\/\/api.w.org\/{rel}","templated":true}]}}